{"id":1721,"date":"2021-01-28T17:38:43","date_gmt":"2021-01-28T17:38:43","guid":{"rendered":"https:\/\/equacao-obrigatoria.pt\/?p=1721"},"modified":"2026-02-05T14:39:09","modified_gmt":"2026-02-05T14:39:09","slug":"irs-datas-importantes","status":"publish","type":"post","link":"https:\/\/equacao-obrigatoria.pt\/?p=1721","title":{"rendered":"IRS"},"content":{"rendered":"\n<h3 class=\"wp-block-heading\" id=\"datas-importantes\"><strong>Datas Importantes<\/strong><\/h3>\n\n\n\n<div style=\"height:15px\" aria-hidden=\"true\" class=\"wp-block-spacer\"><\/div>\n\n\n\n<h5 class=\"wp-block-heading\">At\u00e9 15 de fevereiro<\/h5>\n\n\n\n<ul class=\"wp-block-list\">\n<li>Quando a matriz n\u00e3o reflita a titularidade dos pr\u00e9dios que integram a comunh\u00e3o de bens dos sujeitos passivos casados, estes devem comunicar a identifica\u00e7\u00e3o dos <a href=\"https:\/\/sitfiscal.portaldasfinancas.gov.pt\/benscomuns\/portal\" target=\"_blank\" rel=\"noreferrer noopener\">pr\u00e9dios que s\u00e3o comuns<\/a>. (<a href=\"https:\/\/info.portaldasfinancas.gov.pt\/pt\/informacao_fiscal\/codigos_tributarios\/cimi\/Pages\/cimi13a.aspx\" target=\"_blank\" rel=\"noreferrer noopener\">Artigo 13\u00ba-A do CIMI<\/a>).<\/li>\n<\/ul>\n\n\n\n<div style=\"height:30px\" aria-hidden=\"true\" class=\"wp-block-spacer\"><\/div>\n\n\n\n<h5 class=\"wp-block-heading\" id=\"ate-15-de-fevereiro-de-2022\">At\u00e9 16 de fevereiro<\/h5>\n\n\n\n<ul class=\"wp-block-list\">\n<li>Comunique a dura\u00e7\u00e3o do contrato de arrendamento de longa dura\u00e7\u00e3o e usufrua de benef\u00edcio fiscal do IRS. (<a href=\"https:\/\/info.portaldasfinancas.gov.pt\/pt\/informacao_fiscal\/codigos_tributarios\/cirs_rep\/Pages\/irs72.aspx\" target=\"_blank\" rel=\"noreferrer noopener\">Artigo 72.\u00ba do CIRS<\/a>)<\/li>\n<\/ul>\n\n\n\n<div style=\"height:30px\" aria-hidden=\"true\" class=\"wp-block-spacer\"><\/div>\n\n\n\n<h5 class=\"wp-block-heading\">At\u00e9 2 de mar\u00e7o<\/h5>\n\n\n\n<p><\/p>\n\n\n\n<ul class=\"wp-block-list\">\n<li>Comunique os dados sobre o seu <a href=\"https:\/\/irs.portaldasfinancas.gov.pt\/dadosagregadoirs\/agregadofamiliar\/comunicar\" target=\"_blank\" rel=\"noreferrer noopener\">agregado familiar<\/a> atualizado a 31 de dezembro se durante o ano houve altera\u00e7\u00e3o do seu agregado, por exemplo, nascimento, div\u00f3rcio, altera\u00e7\u00e3o de acordo parental, \u00f3bito de um dos elementos do casal ou mudan\u00e7a de resid\u00eancia permanente deve atualizar a composi\u00e7\u00e3o do mesmo. Caso n\u00e3o atualize ser\u00e3o consideradas as informa\u00e7\u00f5es familiares e pessoais apresentadas na declara\u00e7\u00e3o do ano anterior.<\/li>\n<\/ul>\n\n\n\n<ul class=\"wp-block-list\">\n<li>Comunique se tiver um dependente em guarda conjunta e um Acordo de Regula\u00e7\u00e3o das Responsabilidades Parentais que determine o regime de resid\u00eancia alternada, bem como a percentagem de partilha das despesas por cada um dos respons\u00e1veis quando n\u00e3o seja igualit\u00e1ria. Caso esta comunica\u00e7\u00e3o n\u00e3o seja feita no prazo, ou esta n\u00e3o for coerente com a comunica\u00e7\u00e3o efetuada pelo outro agregado familiar relativamente ao mesmo dependente em guarda conjunta, considera-se que este dependente n\u00e3o tem resid\u00eancia alternada e a percentagem de partilha de despesas dos respetivos respons\u00e1veis parentais \u00e9 igualit\u00e1ria.<\/li>\n<\/ul>\n\n\n\n<ul class=\"wp-block-list\">\n<li>Comunique os membros do agregado familiar que frequentem estabelecimentos de ensino que se situem em regi\u00f5es do Interior do Pa\u00eds ou nas Regi\u00f5es Aut\u00f3nomas bem como as respetivas despesas de forma\u00e7\u00e3o ou educa\u00e7\u00e3o. (<a href=\"https:\/\/info.portaldasfinancas.gov.pt\/pt\/informacao_fiscal\/codigos_tributarios\/cirs_rep\/Pages\/irs78d.aspx\" target=\"_blank\" rel=\"noreferrer noopener\">Artigo 78.\u00ba-D do CIRS<\/a>)<\/li>\n<\/ul>\n\n\n\n<ul class=\"wp-block-list\">\n<li>Comunique se \u00e9 estudante dependente, para beneficiar da exclus\u00e3o de tributa\u00e7\u00e3o do rendimento. (<a href=\"https:\/\/info.portaldasfinancas.gov.pt\/pt\/informacao_fiscal\/codigos_tributarios\/cirs_rep\/Pages\/irs12.aspx\" target=\"_blank\" rel=\"noreferrer noopener\">Artigo 12.\u00ba do CIRS<\/a>)<\/li>\n\n\n\n<li>Comunique a sua condi\u00e7\u00e3o de \u201cEstudante Deslocado\u201d, se n\u00e3o tem mais de 25 anos e frequenta um estabelecimento de ensino integrado no sistema nacional de educa\u00e7\u00e3o, cuja localiza\u00e7\u00e3o se situe a uma dist\u00e2ncia superior a 50 km. (<a href=\"https:\/\/info.portaldasfinancas.gov.pt\/pt\/informacao_fiscal\/codigos_tributarios\/cirs_rep\/Pages\/irs78d.aspx\" target=\"_blank\" rel=\"noreferrer noopener\">Artigo 78.\u00ba-D do CIRS<\/a>)<\/li>\n<\/ul>\n\n\n\n<ul class=\"wp-block-list\">\n<li><\/li>\n<\/ul>\n\n\n\n<p id=\"ate-25-de-fevereiro-de-2022\"><\/p>\n\n\n\n<ul class=\"wp-block-list\">\n<li>Consulte, registe ou confirme as faturas e faturas-recibo no portal das finan\u00e7as (<a href=\"https:\/\/faturas.portaldasfinancas.gov.pt\/painelAdquirente.action\" target=\"_blank\" rel=\"noreferrer noopener\">e-fatura<\/a>) de todos os membros do agregado familiar e eventual afeta\u00e7\u00e3o a atividade comercial\/profissional. Caso as despesas de sa\u00fade, forma\u00e7\u00e3o e educa\u00e7\u00e3o tenham sido realizadas fora do territ\u00f3rio portugu\u00eas e os encargos com im\u00f3veis tenham sido realizados noutro Estado membro da Uni\u00e3o Europeia ou do Espa\u00e7o Econ\u00f3mico Europeu, com o qual exista interc\u00e2mbio de informa\u00e7\u00e3o em mat\u00e9ria fiscal, pode comunic\u00e1-las atrav\u00e9s do portal das finan\u00e7as, inserindo os dados essenciais da fatura ou documento equivalente que as suporte.<\/li>\n<\/ul>\n\n\n\n<p>Encontra-se dispon\u00edvel para download nas App stores <a rel=\"noreferrer noopener\" href=\"https:\/\/play.google.com\/store\/apps\/details?id=pt.gov.efatura.mobille.dev.app\" target=\"_blank\">Android<\/a> e <a rel=\"noreferrer noopener\" href=\"https:\/\/apps.apple.com\/pt\/app\/e-fatura\/id887477687\" target=\"_blank\">iOS<\/a> a aplica\u00e7\u00e3o oficial e-fatura da AT. Atrav\u00e9s desta aplica\u00e7\u00e3o podem classificar-se as faturas emitidas e consultar os benef\u00edcios acumulados, sendo ainda poss\u00edvel fazer o registo imediato de faturas atrav\u00e9s da leitura do c\u00f3digo QR impresso nas faturas.<\/p>\n\n\n\n<div style=\"height:30px\" aria-hidden=\"true\" class=\"wp-block-spacer\"><\/div>\n\n\n\n<h5 class=\"wp-block-heading\" id=\"de-16-a-31-de-marco-de-2022\">De 16 a 31 de mar\u00e7o<\/h5>\n\n\n\n<p>Consulte, no portal das finan\u00e7as, as despesas para dedu\u00e7\u00e3o \u00e0 coleta do IRS calculadas pela AT. Caso verifique irregularidades <a href=\"https:\/\/www.portaldasfinancas.gov.pt\/pt\/main.jsp?body=\/external\/sicatpf\/pesquisa.htm#\" target=\"_blank\" rel=\"noreferrer noopener\">reclame as despesas<\/a> gerais familiares ou as faturas de despesas com direito \u00e0 dedu\u00e7\u00e3o do IVA. Quer para consultar quer para reclamar deve faz\u00ea-lo, individualmente, por cada titular de despesas, incluindo os dependentes, no portal das finan\u00e7as mediante autentica\u00e7\u00e3o com o n\u00famero de identifica\u00e7\u00e3o fiscal (NIF) e a respetiva senha de acesso. Se reclamar, tenha em conta que a reclama\u00e7\u00e3o n\u00e3o suspende os prazos que est\u00e3o previstos para entregar a declara\u00e7\u00e3o anual do IRS ou para liquidar e pagar o imposto que lhe for apurado.<\/p>\n\n\n\n<div style=\"height:30px\" aria-hidden=\"true\" class=\"wp-block-spacer\"><\/div>\n\n\n\n<h5 class=\"wp-block-heading\" id=\"ate-31-de-marco-de-2022\">At\u00e9 31 de mar\u00e7o<\/h5>\n\n\n\n<p>Comunique a entidade \u00e0 qual pretende <a href=\"https:\/\/irs.portaldasfinancas.gov.pt\/dadosagregadoirs\/consignacao\/comunicar\" target=\"_blank\" rel=\"noreferrer noopener\">consignar o IRS ou IVA<\/a>, ou ambos. Ao contr\u00e1rio da consigna\u00e7\u00e3o do IRS, a consigna\u00e7\u00e3o do IVA implica um custo igual ao montante da dedu\u00e7\u00e3o, que se traduz em menos reembolso ou mais imposto a pagar.<\/p>\n\n\n\n<div style=\"height:30px\" aria-hidden=\"true\" class=\"wp-block-spacer\"><\/div>\n\n\n\n<h5 class=\"wp-block-heading\" id=\"de-1-de-abril-a-30-de-junho-de-2022\">De 1 de abril a 30 de junho<\/h5>\n\n\n\n<p>Entregue, no portal das finan\u00e7as, a declara\u00e7\u00e3o modelo 3 ou confirme a declara\u00e7\u00e3o autom\u00e1tica de rendimentos.<\/p>\n\n\n\n<div style=\"height:30px\" aria-hidden=\"true\" class=\"wp-block-spacer\"><\/div>\n\n\n\n<h5 class=\"wp-block-heading\">At\u00e9 31 de agosto de 2026<\/h5>\n\n\n\n<p>Receba o Reembolso ou Pague o Imposto.<\/p>\n\n\n\n<div style=\"height:50px\" aria-hidden=\"true\" class=\"wp-block-spacer\"><\/div>\n\n\n\n<h3 class=\"wp-block-heading\" id=\"despesas-para-deducoes-a-coleta\"><strong>Despesas para Dedu\u00e7\u00f5es \u00e0 Coleta<\/strong><\/h3>\n\n\n\n<p>\u00c0 coleta do IRS devida pelos sujeitos passivos residentes em territ\u00f3rio portugu\u00eas, e at\u00e9 ao seu montante, s\u00e3o deduzidos os encargos abaixo:<\/p>\n\n\n\n<div style=\"height:30px\" aria-hidden=\"true\" class=\"wp-block-spacer\"><\/div>\n\n\n\n<div class=\"wp-block-media-text alignwide is-vertically-aligned-top\" style=\"grid-template-columns:15% auto\"><figure class=\"wp-block-media-text__media\"><img loading=\"lazy\" decoding=\"async\" width=\"70\" height=\"70\" src=\"https:\/\/equacao-obrigatoria.pt\/wp-content\/uploads\/2022\/04\/Despesas-gerais-familiares_.png\" alt=\"\" class=\"wp-image-2576 size-full\"\/><\/figure><div class=\"wp-block-media-text__content\">\n<p><strong>Despesas gerais familiares <\/strong>(<a href=\"https:\/\/info.portaldasfinancas.gov.pt\/pt\/informacao_fiscal\/codigos_tributarios\/cirs_rep\/Pages\/irs78b.aspx\" target=\"_blank\" rel=\"noreferrer noopener\">Artigo 78.\u00ba-B do CIRS<\/a>)<\/p>\n\n\n\n<p>\u00c9 dedut\u00edvel um montante correspondente a 35 % do valor suportado por qualquer membro do agregado familiar, com o limite global de 250,00\u20ac para cada sujeito passivo. No caso de fam\u00edlias monoparentais, a dedu\u00e7\u00e3o \u00e9 de 45 % do valor suportado por qualquer membro do agregado familiar, com o limite global de 335,00\u20ac.<\/p>\n<\/div><\/div>\n\n\n\n<div style=\"height:20px\" aria-hidden=\"true\" class=\"wp-block-spacer\"><\/div>\n\n\n\n<div class=\"wp-block-media-text alignwide is-vertically-aligned-top\" style=\"grid-template-columns:15% auto\"><figure class=\"wp-block-media-text__media\"><img loading=\"lazy\" decoding=\"async\" width=\"70\" height=\"70\" src=\"https:\/\/equacao-obrigatoria.pt\/wp-content\/uploads\/2022\/04\/Saude-e-seguros-de-saude_.png\" alt=\"\" class=\"wp-image-2577 size-full\"\/><\/figure><div class=\"wp-block-media-text__content\">\n<p><strong>Sa\u00fade e seguros de sa\u00fade <\/strong>(<a href=\"https:\/\/info.portaldasfinancas.gov.pt\/pt\/informacao_fiscal\/codigos_tributarios\/cirs_rep\/Pages\/irs78c.aspx\" target=\"_blank\" rel=\"noreferrer noopener\">Artigo 78.\u00ba-C do CIRS<\/a>)<\/p>\n\n\n\n<p>\u00c9 dedut\u00edvel um montante correspondente a 15 % do valor suportado a t\u00edtulo de despesas de sa\u00fade por qualquer membro do agregado familiar, com o limite global de 1.000,00\u20ac.<\/p>\n<\/div><\/div>\n\n\n\n<div style=\"height:20px\" aria-hidden=\"true\" class=\"wp-block-spacer\"><\/div>\n\n\n\n<div class=\"wp-block-media-text alignwide is-vertically-aligned-top\" style=\"grid-template-columns:15% auto\"><figure class=\"wp-block-media-text__media\"><img loading=\"lazy\" decoding=\"async\" width=\"70\" height=\"70\" src=\"https:\/\/equacao-obrigatoria.pt\/wp-content\/uploads\/2022\/04\/Educacao-e-formacao_.png\" alt=\"\" class=\"wp-image-2578 size-full\"\/><\/figure><div class=\"wp-block-media-text__content\">\n<p><strong>Educa\u00e7\u00e3o e forma\u00e7\u00e3o<\/strong> (<a href=\"https:\/\/info.portaldasfinancas.gov.pt\/pt\/informacao_fiscal\/codigos_tributarios\/cirs_rep\/Pages\/irs78d.aspx\" target=\"_blank\" rel=\"noreferrer noopener\">Artigo 78.\u00ba-D do CIRS<\/a>)<\/p>\n\n\n\n<p>\u00c9 dedut\u00edvel um montante correspondente a 30 % do valor suportado a t\u00edtulo de despesas de forma\u00e7\u00e3o e educa\u00e7\u00e3o por qualquer membro do agregado familiar, com o limite global de 800,00\u20ac.<\/p>\n<\/div><\/div>\n\n\n\n<div style=\"height:20px\" aria-hidden=\"true\" class=\"wp-block-spacer\"><\/div>\n\n\n\n<div class=\"wp-block-media-text alignwide is-vertically-aligned-top\" style=\"grid-template-columns:15% auto\"><figure class=\"wp-block-media-text__media\"><img loading=\"lazy\" decoding=\"async\" width=\"70\" height=\"70\" src=\"https:\/\/equacao-obrigatoria.pt\/wp-content\/uploads\/2022\/04\/Encargos-com-lares_.png\" alt=\"\" class=\"wp-image-2579 size-full\"\/><\/figure><div class=\"wp-block-media-text__content\">\n<p><strong>Encargos com im\u00f3veis<\/strong> (<a href=\"https:\/\/info.portaldasfinancas.gov.pt\/pt\/informacao_fiscal\/codigos_tributarios\/cirs_rep\/Pages\/irs78e.aspx\" target=\"_blank\" rel=\"noreferrer noopener\">Artigo 78.\u00ba-E do CIRS<\/a>)<\/p>\n\n\n\n<p>\u00c9 dedut\u00edvel um montante correspondente a 15 % do valor suportado por qualquer membro do agregado familiar, com o limite global de 800,00\u20ac no caso de rendas de habita\u00e7\u00e3o permanente ou 296,00\u20ac no caso de juros de d\u00edvidas com aquisi\u00e7\u00e3o de habita\u00e7\u00e3o permanente.<\/p>\n<\/div><\/div>\n\n\n\n<div style=\"height:20px\" aria-hidden=\"true\" class=\"wp-block-spacer\"><\/div>\n\n\n\n<div class=\"wp-block-media-text alignwide is-vertically-aligned-top\" style=\"grid-template-columns:15% auto\"><figure class=\"wp-block-media-text__media\"><img loading=\"lazy\" decoding=\"async\" width=\"70\" height=\"70\" src=\"https:\/\/equacao-obrigatoria.pt\/wp-content\/uploads\/2022\/04\/Encargos-com-lares_-1.png\" alt=\"\" class=\"wp-image-2580 size-full\"\/><\/figure><div class=\"wp-block-media-text__content\">\n<p><strong>Encargos com lares<\/strong> (<a href=\"https:\/\/info.portaldasfinancas.gov.pt\/pt\/informacao_fiscal\/codigos_tributarios\/cirs_rep\/Pages\/irs84.aspx\" target=\"_blank\" rel=\"noreferrer noopener\">Artigo 84.\u00ba do CIRS<\/a>)<\/p>\n\n\n\n<p>\u00c9 dedut\u00edvel um montante correspondente a 25 % do valor suportado a t\u00edtulo de encargos com lares, nos termos do presente artigo, com o limite global de 403,75\u20ac.<\/p>\n<\/div><\/div>\n\n\n\n<div style=\"height:20px\" aria-hidden=\"true\" class=\"wp-block-spacer\"><\/div>\n\n\n\n<div class=\"wp-block-media-text alignwide is-vertically-aligned-top\" style=\"grid-template-columns:15% auto\"><figure class=\"wp-block-media-text__media\"><img loading=\"lazy\" decoding=\"async\" width=\"70\" height=\"70\" src=\"https:\/\/equacao-obrigatoria.pt\/wp-content\/uploads\/2022\/04\/Exigencia-de-Fatura_.png\" alt=\"\" class=\"wp-image-2581 size-full\"\/><\/figure><div class=\"wp-block-media-text__content\">\n<p><strong>Exig\u00eancia de Fatura<\/strong> (<a href=\"https:\/\/info.portaldasfinancas.gov.pt\/pt\/informacao_fiscal\/codigos_tributarios\/cirs_rep\/Pages\/irs78f.aspx\" target=\"_blank\" rel=\"noreferrer noopener\">Artigo 78.\u00ba-F do CIRS<\/a>)<\/p>\n\n\n\n<p>\u00c9 dedut\u00edvel um montante correspondente a 15 % do IVA suportado por qualquer membro do agregado familiar, com o limite global de 250,00\u20ac por agregado familiar, nos seguintes setores de atividade: Manuten\u00e7\u00e3o e repara\u00e7\u00e3o de ve\u00edculos autom\u00f3veis e de motociclos; Alojamento, restaura\u00e7\u00e3o e similares; Atividades de sal\u00f5es de cabeleireiro e institutos de beleza; Atividades veterin\u00e1rias; Ensinos desportivo e recreativo; Atividades dos clubes desportivos e Atividades de gin\u00e1sio &#8211; fitness.<\/p>\n<\/div><\/div>\n\n\n\n<div style=\"height:20px\" aria-hidden=\"true\" class=\"wp-block-spacer\"><\/div>\n\n\n\n<div class=\"wp-block-media-text alignwide is-vertically-aligned-top\" style=\"grid-template-columns:15% auto\"><figure class=\"wp-block-media-text__media\"><img loading=\"lazy\" decoding=\"async\" width=\"70\" height=\"70\" src=\"https:\/\/equacao-obrigatoria.pt\/wp-content\/uploads\/2025\/05\/Encargos-Trabalho-Domestico.png\" alt=\"\" class=\"wp-image-3535 size-full\"\/><\/figure><div class=\"wp-block-media-text__content\">\n<p><strong>Encargos com trabalho dom\u00e9stico<\/strong> (<a href=\"https:\/\/info.portaldasfinancas.gov.pt\/pt\/informacao_fiscal\/codigos_tributarios\/cirs_rep\/Pages\/irs78h.aspx\" target=\"_blank\" rel=\"noreferrer noopener\">Artigo 78.\u00ba-H do CIRS<\/a>)<\/p>\n\n\n\n<p>\u00c0 coleta do IRS devido pelos sujeitos passivos \u00e9 dedut\u00edvel um montante correspondente a 5 % do valor suportado por qualquer membro do agregado familiar a t\u00edtulo de retribui\u00e7\u00e3o pela presta\u00e7\u00e3o de trabalho dom\u00e9stico, com o limite global de 200,00\u20ac.\u200b<\/p>\n<\/div><\/div>\n\n\n\n<div style=\"height:50px\" aria-hidden=\"true\" class=\"wp-block-spacer\"><\/div>\n\n\n\n<h3 class=\"wp-block-heading\" id=\"sabia-que\"><strong>Sabia que&#8230;<\/strong><\/h3>\n\n\n\n<div style=\"height:15px\" aria-hidden=\"true\" class=\"wp-block-spacer\"><\/div>\n\n\n\n<p><strong>Dependentes<\/strong> (<a rel=\"noreferrer noopener\" href=\"https:\/\/info.portaldasfinancas.gov.pt\/pt\/informacao_fiscal\/codigos_tributarios\/cirs_rep\/Pages\/irs13.aspx\" target=\"_blank\">Artigo 13.\u00ba do CIRS<\/a>)<\/p>\n\n\n\n<p>Consideram-se dependentes:<\/p>\n\n\n\n<ul class=\"wp-block-list\">\n<li>Os filhos, adotados e enteados, menores n\u00e3o emancipados, bem como os menores sob tutela;<\/li>\n<\/ul>\n\n\n\n<ul class=\"wp-block-list\">\n<li>Os filhos, adotados e enteados, maiores, bem como aqueles que at\u00e9 \u00e0 maioridade estiveram sujeitos \u00e0 tutela de qualquer dos sujeitos a quem incumbe a dire\u00e7\u00e3o do agregado familiar, que n\u00e3o tenham mais de 25 anos nem aufiram anualmente rendimentos superiores ao valor da retribui\u00e7\u00e3o m\u00ednima mensal garantida;<\/li>\n<\/ul>\n\n\n\n<ul class=\"wp-block-list\">\n<li>Os filhos, adotados, enteados e os sujeitos a tutela, maiores, inaptos para o trabalho e para angariar meios de subsist\u00eancia;<\/li>\n<\/ul>\n\n\n\n<ul class=\"wp-block-list\">\n<li>Os afilhados civis.<\/li>\n<\/ul>\n\n\n\n<div style=\"height:30px\" aria-hidden=\"true\" class=\"wp-block-spacer\"><\/div>\n\n\n\n<p><strong>Dispensa de apresenta\u00e7\u00e3o de declara\u00e7\u00e3o<\/strong> (<a rel=\"noreferrer noopener\" href=\"https:\/\/info.portaldasfinancas.gov.pt\/pt\/informacao_fiscal\/codigos_tributarios\/cirs_rep\/Pages\/irs58.aspx\" target=\"_blank\">Artigo 58.\u00ba do CIRS<\/a>)<\/p>\n\n\n\n<p>Est\u00e1 dispensado de entregar a declara\u00e7\u00e3o de rendimentos Modelo 3 se apenas recebeu:<\/p>\n\n\n\n<ul class=\"wp-block-list\">\n<li>8.500,00\u20ac de rendimentos de trabalho dependente ou pens\u00f5es e estes n\u00e3o tenham sido sujeitos a reten\u00e7\u00e3o na fonte, ou atos isolados de valor anual inferior a 2.090,00 \u20ac, desde que n\u00e3o tenha recebido outros rendimentos.<\/li>\n<\/ul>\n\n\n\n<ul class=\"wp-block-list\">\n<li>Se, face \u00e0 sua situa\u00e7\u00e3o em 31 de dezembro, est\u00e1 dispensado de entregar a declara\u00e7\u00e3o, ent\u00e3o n\u00e3o precisa de confirmar as faturas que titulam despesas com direito \u00e0s dedu\u00e7\u00f5es do IRS.<\/li>\n<\/ul>\n\n\n\n<p><strong>N\u00c3O h\u00e1 dispensa de entrega da declara\u00e7\u00e3o do IRS, se:<\/strong><\/p>\n\n\n\n<ul class=\"wp-block-list\">\n<li>Optar pela tributa\u00e7\u00e3o conjunta no caso de ser casado ou unido de facto; ou receber rendas tempor\u00e1rias e vital\u00edcias que n\u00e3o se destinam ao pagamento de pens\u00f5es; ou receber rendimentos em esp\u00e9cie, ou receber rendimentos de pens\u00f5es de alimentos de valor superior a 4.104,00 \u20ac.<\/li>\n<\/ul>\n\n\n\n<ul class=\"wp-block-list\">\n<li>OBS: A dispensa de apresenta\u00e7\u00e3o de declara\u00e7\u00e3o n\u00e3o impede os sujeitos passivos de, querendo, apresentarem declara\u00e7\u00e3o de rendimentos nos termos gerais. Esta informa\u00e7\u00e3o n\u00e3o dispensa a consulta da Lei, pois existem situa\u00e7\u00f5es em particular que invalidam esta dispensa.<\/li>\n<\/ul>\n\n\n\n<div style=\"height:30px\" aria-hidden=\"true\" class=\"wp-block-spacer\"><\/div>\n\n\n\n<p><strong>Taxas gerais<\/strong> (<a rel=\"noreferrer noopener\" href=\"https:\/\/info.portaldasfinancas.gov.pt\/pt\/informacao_fiscal\/codigos_tributarios\/cirs_rep\/Pages\/irs68.aspx\" target=\"_blank\">Artigo 68.\u00ba do CIRS<\/a>)<\/p>\n\n\n\n<p>Taxas do imposto, rendimento colet\u00e1vel.<\/p>\n\n\n\n<div style=\"height:30px\" aria-hidden=\"true\" class=\"wp-block-spacer\"><\/div>\n\n\n\n<p><strong>Limites m\u00ednimos<\/strong> (<a rel=\"noreferrer noopener\" href=\"https:\/\/info.portaldasfinancas.gov.pt\/pt\/informacao_fiscal\/codigos_tributarios\/cirs_rep\/Pages\/irs95.aspx\" target=\"_blank\">Artigo 95.\u00ba do CIRS<\/a>)<\/p>\n\n\n\n<p>N\u00e3o h\u00e1 lugar a cobran\u00e7a ou reembolso quando a import\u00e2ncia a cobrar seja inferior a 25,00\u20ac ou a import\u00e2ncia a restituir seja inferior a 10,00\u20ac.<\/p>\n\n\n\n<div style=\"height:30px\" aria-hidden=\"true\" class=\"wp-block-spacer\"><\/div>\n\n\n\n<p><strong>Obriga\u00e7\u00e3o de comprovar os elementos das declara\u00e7\u00f5es<\/strong> (<a href=\"https:\/\/info.portaldasfinancas.gov.pt\/pt\/informacao_fiscal\/codigos_tributarios\/cirs_rep\/Pages\/irs128.aspx\" target=\"_blank\" rel=\"noreferrer noopener\">Artigo 128.\u00ba do CIRS<\/a>)<\/p>\n\n\n\n<p>Devem guardar-se os documentos\/faturas durante os quatro anos seguintes \u00e0quele a que respeitam os rendimentos.<\/p>\n\n\n\n<div style=\"height:30px\" aria-hidden=\"true\" class=\"wp-block-spacer\"><\/div>\n\n\n\n<p><\/p>\n\n\n\n<p class=\"has-text-align-right has-small-font-size\"><strong>OBS:<\/strong> Esta informa\u00e7\u00e3o \u00e9 generalizada, pelo que n\u00e3o dispensa a consulta da Lei.<\/p>\n","protected":false},"excerpt":{"rendered":"<p>De 1 de abril a 30 de junho<br \/>\nDatas Importantes \/ Dedu\u00e7\u00f5es \u00e0 Coleta<\/p>\n","protected":false},"author":1,"featured_media":0,"comment_status":"open","ping_status":"open","sticky":false,"template":"","format":"standard","meta":{"footnotes":""},"categories":[1],"tags":[],"class_list":["post-1721","post","type-post","status-publish","format-standard","hentry","category-uncategorized"],"_links":{"self":[{"href":"https:\/\/equacao-obrigatoria.pt\/index.php?rest_route=\/wp\/v2\/posts\/1721","targetHints":{"allow":["GET"]}}],"collection":[{"href":"https:\/\/equacao-obrigatoria.pt\/index.php?rest_route=\/wp\/v2\/posts"}],"about":[{"href":"https:\/\/equacao-obrigatoria.pt\/index.php?rest_route=\/wp\/v2\/types\/post"}],"author":[{"embeddable":true,"href":"https:\/\/equacao-obrigatoria.pt\/index.php?rest_route=\/wp\/v2\/users\/1"}],"replies":[{"embeddable":true,"href":"https:\/\/equacao-obrigatoria.pt\/index.php?rest_route=%2Fwp%2Fv2%2Fcomments&post=1721"}],"version-history":[{"count":99,"href":"https:\/\/equacao-obrigatoria.pt\/index.php?rest_route=\/wp\/v2\/posts\/1721\/revisions"}],"predecessor-version":[{"id":3749,"href":"https:\/\/equacao-obrigatoria.pt\/index.php?rest_route=\/wp\/v2\/posts\/1721\/revisions\/3749"}],"wp:attachment":[{"href":"https:\/\/equacao-obrigatoria.pt\/index.php?rest_route=%2Fwp%2Fv2%2Fmedia&parent=1721"}],"wp:term":[{"taxonomy":"category","embeddable":true,"href":"https:\/\/equacao-obrigatoria.pt\/index.php?rest_route=%2Fwp%2Fv2%2Fcategories&post=1721"},{"taxonomy":"post_tag","embeddable":true,"href":"https:\/\/equacao-obrigatoria.pt\/index.php?rest_route=%2Fwp%2Fv2%2Ftags&post=1721"}],"curies":[{"name":"wp","href":"https:\/\/api.w.org\/{rel}","templated":true}]}}